{"id":43725,"date":"2025-09-02T14:10:17","date_gmt":"2025-09-02T14:10:17","guid":{"rendered":"https:\/\/golf-anderlecht.com\/?p=43725"},"modified":"2025-09-02T14:10:18","modified_gmt":"2025-09-02T14:10:18","slug":"competition-roby-spaens","status":"publish","type":"post","link":"https:\/\/golf-anderlecht.com\/nl\/competition-roby-spaens\/","title":{"rendered":"Roby Spaens Competitie"},"content":{"rendered":"<p>Deze zaterdag, 30 augustus, bracht de Roby-competitie veel spelers op de RAAGC-baan samen! \u26f3\ufe0f<\/p>\n\n\n\n<p>Hartelijk dank aan iedereen voor jullie enthousiasme, sportiviteit en de geweldige energie die deze zonnige dag kenmerkte. \u2600\ufe0f<\/p>\n\n\n\n<p>De dag werd afgesloten met een rijkelijk versierde prijsuitreiking, gevolgd door een disco-avond in een uitzonderlijke sfeer. \ud83c\udfb6\ud83d\udc83\ud83d\udd7a<\/p>\n\n\n\n<p>Een speciaal bedankje aan Roby voor zijn jarenlange sponsoring en trouwe steun aan onze club. \ud83d\udc9a<\/p>\n\n\n\n<p>\u2014-<\/p>\n\n\n\n<p>Afgelopen zaterdag 30 augustus bracht de Roby-wedstrijd uitdagende spelers samen op de baan van de RAAGC! \u26f3\ufe0f<\/p>\n\n\n\n<p>Er gaat veel energie zitten in jouw enthousiasme, sportiviteit en hoge energieniveau dat al op volle toeren draait.\u2600\ufe0f<\/p>\n\n\n\n<p>Vanaf nu zullen we de prijs op tafel leggen, je zult het bord op een van de volgende plaatsen moeten openen. \ud83c\udfb6\ud83d\udc83\ud83d\udd7a<\/p>\n\n\n\n<p>We hebben ook de mogelijkheid om een lid van de elfclub te sponsoren. \ud83d\udc9a<\/p>\n\n\n\n<p><\/p>","protected":false},"excerpt":{"rendered":"<p>Ce samedi 30 ao\u00fbt, la comp\u00e9tition Roby a rassembl\u00e9 de nombreux joueurs sur le parcours du RAAGC ! \u26f3\ufe0f Un grand merci \u00e0 toutes et tous pour votre enthousiasme, votre esprit sportif et la belle \u00e9nergie qui ont rythm\u00e9 cette journ\u00e9e ensoleill\u00e9e. \u2600\ufe0f La journ\u00e9e s\u2019est cl\u00f4tur\u00e9e par une table de remise des prix tr\u00e8s [&hellip;]<\/p>\n","protected":false},"author":4,"featured_media":43726,"comment_status":"open","ping_status":"open","sticky":false,"template":"","format":"standard","meta":{"_acf_changed":false,"footnotes":""},"categories":[10],"tags":[],"class_list":["post-43725","post","type-post","status-publish","format-standard","has-post-thumbnail","hentry","category-general"],"acf":[],"yoast_head":"<!-- This site is optimized with the Yoast SEO plugin v27.4 - https:\/\/yoast.com\/product\/yoast-seo-wordpress\/ -->\n<title>Comp\u00e9tition Roby Spaens - Royal Amicale Anderlecht Golf Club<\/title>\n<meta name=\"robots\" content=\"index, follow, max-snippet:-1, max-image-preview:large, max-video-preview:-1\" \/>\n<link rel=\"canonical\" href=\"https:\/\/golf-anderlecht.com\/nl\/competition-roby-spaens\/\" \/>\n<meta property=\"og:locale\" content=\"nl_BE\" \/>\n<meta property=\"og:type\" content=\"article\" \/>\n<meta property=\"og:title\" content=\"Comp\u00e9tition Roby Spaens - Royal Amicale Anderlecht Golf Club\" \/>\n<meta property=\"og:description\" content=\"Ce samedi 30 ao\u00fbt, la comp\u00e9tition Roby a rassembl\u00e9 de nombreux joueurs sur le parcours du RAAGC ! \u26f3\ufe0f Un grand merci \u00e0 toutes et tous pour votre enthousiasme, votre esprit sportif et la belle \u00e9nergie qui ont rythm\u00e9 cette journ\u00e9e ensoleill\u00e9e. \u2600\ufe0f La journ\u00e9e s\u2019est cl\u00f4tur\u00e9e par une table de remise des prix tr\u00e8s [&hellip;]\" \/>\n<meta property=\"og:url\" content=\"https:\/\/golf-anderlecht.com\/nl\/competition-roby-spaens\/\" \/>\n<meta property=\"og:site_name\" content=\"Royal Amicale Anderlecht Golf Club\" \/>\n<meta property=\"article:published_time\" content=\"2025-09-02T14:10:17+00:00\" \/>\n<meta property=\"article:modified_time\" content=\"2025-09-02T14:10:18+00:00\" \/>\n<meta property=\"og:image\" content=\"https:\/\/golf-anderlecht.com\/wp-content\/uploads\/2025\/09\/WhatsApp-Image-2025-09-01-at-13.14.45.jpeg\" \/>\n\t<meta property=\"og:image:width\" content=\"1536\" \/>\n\t<meta property=\"og:image:height\" content=\"2048\" \/>\n\t<meta property=\"og:image:type\" content=\"image\/jpeg\" \/>\n<meta name=\"author\" content=\"Office Office\" \/>\n<meta name=\"twitter:card\" content=\"summary_large_image\" \/>\n<meta name=\"twitter:label1\" content=\"Geschreven door\" \/>\n\t<meta name=\"twitter:data1\" content=\"Office Office\" \/>\n\t<meta name=\"twitter:label2\" content=\"Geschatte leestijd\" \/>\n\t<meta name=\"twitter:data2\" content=\"2 minuten\" \/>\n<script type=\"application\/ld+json\" class=\"yoast-schema-graph\">{\"@context\":\"https:\\\/\\\/schema.org\",\"@graph\":[{\"@type\":\"Article\",\"@id\":\"https:\\\/\\\/golf-anderlecht.com\\\/competition-roby-spaens\\\/#article\",\"isPartOf\":{\"@id\":\"https:\\\/\\\/golf-anderlecht.com\\\/competition-roby-spaens\\\/\"},\"author\":{\"name\":\"Office Office\",\"@id\":\"https:\\\/\\\/golf-anderlecht.com\\\/fr_fr\\\/#\\\/schema\\\/person\\\/8c53ccb3db43a9140e75d2595bfe9f28\"},\"headline\":\"Comp\u00e9tition Roby Spaens\",\"datePublished\":\"2025-09-02T14:10:17+00:00\",\"dateModified\":\"2025-09-02T14:10:18+00:00\",\"mainEntityOfPage\":{\"@id\":\"https:\\\/\\\/golf-anderlecht.com\\\/competition-roby-spaens\\\/\"},\"wordCount\":173,\"commentCount\":729,\"publisher\":{\"@id\":\"https:\\\/\\\/golf-anderlecht.com\\\/fr_fr\\\/#organization\"},\"image\":{\"@id\":\"https:\\\/\\\/golf-anderlecht.com\\\/competition-roby-spaens\\\/#primaryimage\"},\"thumbnailUrl\":\"https:\\\/\\\/golf-anderlecht.com\\\/wp-content\\\/uploads\\\/2025\\\/09\\\/WhatsApp-Image-2025-09-01-at-13.14.45.jpeg\",\"articleSection\":[\"G\u00e9n\u00e9ral\"],\"inLanguage\":\"nl-BE\",\"potentialAction\":[{\"@type\":\"CommentAction\",\"name\":\"Comment\",\"target\":[\"https:\\\/\\\/golf-anderlecht.com\\\/competition-roby-spaens\\\/#respond\"]}]},{\"@type\":\"WebPage\",\"@id\":\"https:\\\/\\\/golf-anderlecht.com\\\/competition-roby-spaens\\\/\",\"url\":\"https:\\\/\\\/golf-anderlecht.com\\\/competition-roby-spaens\\\/\",\"name\":\"Comp\u00e9tition Roby Spaens - Royal Amicale Anderlecht Golf Club\",\"isPartOf\":{\"@id\":\"https:\\\/\\\/golf-anderlecht.com\\\/fr_fr\\\/#website\"},\"primaryImageOfPage\":{\"@id\":\"https:\\\/\\\/golf-anderlecht.com\\\/competition-roby-spaens\\\/#primaryimage\"},\"image\":{\"@id\":\"https:\\\/\\\/golf-anderlecht.com\\\/competition-roby-spaens\\\/#primaryimage\"},\"thumbnailUrl\":\"https:\\\/\\\/golf-anderlecht.com\\\/wp-content\\\/uploads\\\/2025\\\/09\\\/WhatsApp-Image-2025-09-01-at-13.14.45.jpeg\",\"datePublished\":\"2025-09-02T14:10:17+00:00\",\"dateModified\":\"2025-09-02T14:10:18+00:00\",\"breadcrumb\":{\"@id\":\"https:\\\/\\\/golf-anderlecht.com\\\/competition-roby-spaens\\\/#breadcrumb\"},\"inLanguage\":\"nl-BE\",\"potentialAction\":[{\"@type\":\"ReadAction\",\"target\":[\"https:\\\/\\\/golf-anderlecht.com\\\/competition-roby-spaens\\\/\"]}]},{\"@type\":\"ImageObject\",\"inLanguage\":\"nl-BE\",\"@id\":\"https:\\\/\\\/golf-anderlecht.com\\\/competition-roby-spaens\\\/#primaryimage\",\"url\":\"https:\\\/\\\/golf-anderlecht.com\\\/wp-content\\\/uploads\\\/2025\\\/09\\\/WhatsApp-Image-2025-09-01-at-13.14.45.jpeg\",\"contentUrl\":\"https:\\\/\\\/golf-anderlecht.com\\\/wp-content\\\/uploads\\\/2025\\\/09\\\/WhatsApp-Image-2025-09-01-at-13.14.45.jpeg\",\"width\":1536,\"height\":2048},{\"@type\":\"BreadcrumbList\",\"@id\":\"https:\\\/\\\/golf-anderlecht.com\\\/competition-roby-spaens\\\/#breadcrumb\",\"itemListElement\":[{\"@type\":\"ListItem\",\"position\":1,\"name\":\"Accueil\",\"item\":\"https:\\\/\\\/golf-anderlecht.com\\\/fr_fr\\\/\"},{\"@type\":\"ListItem\",\"position\":2,\"name\":\"Comp\u00e9tition Roby Spaens\"}]},{\"@type\":\"WebSite\",\"@id\":\"https:\\\/\\\/golf-anderlecht.com\\\/fr_fr\\\/#website\",\"url\":\"https:\\\/\\\/golf-anderlecht.com\\\/fr_fr\\\/\",\"name\":\"Royal Amicale Anderlecht Golf Club\",\"description\":\"\",\"publisher\":{\"@id\":\"https:\\\/\\\/golf-anderlecht.com\\\/fr_fr\\\/#organization\"},\"potentialAction\":[{\"@type\":\"SearchAction\",\"target\":{\"@type\":\"EntryPoint\",\"urlTemplate\":\"https:\\\/\\\/golf-anderlecht.com\\\/fr_fr\\\/?s={search_term_string}\"},\"query-input\":{\"@type\":\"PropertyValueSpecification\",\"valueRequired\":true,\"valueName\":\"search_term_string\"}}],\"inLanguage\":\"nl-BE\"},{\"@type\":\"Organization\",\"@id\":\"https:\\\/\\\/golf-anderlecht.com\\\/fr_fr\\\/#organization\",\"name\":\"Royal Amicale Anderlecht Golf Club\",\"url\":\"https:\\\/\\\/golf-anderlecht.com\\\/fr_fr\\\/\",\"logo\":{\"@type\":\"ImageObject\",\"inLanguage\":\"nl-BE\",\"@id\":\"https:\\\/\\\/golf-anderlecht.com\\\/fr_fr\\\/#\\\/schema\\\/logo\\\/image\\\/\",\"url\":\"https:\\\/\\\/golf-anderlecht.com\\\/wp-content\\\/uploads\\\/2026\\\/03\\\/cropped-Logo-blanc-2026.png\",\"contentUrl\":\"https:\\\/\\\/golf-anderlecht.com\\\/wp-content\\\/uploads\\\/2026\\\/03\\\/cropped-Logo-blanc-2026.png\",\"width\":616,\"height\":617,\"caption\":\"Royal Amicale Anderlecht Golf Club\"},\"image\":{\"@id\":\"https:\\\/\\\/golf-anderlecht.com\\\/fr_fr\\\/#\\\/schema\\\/logo\\\/image\\\/\"}},{\"@type\":\"Person\",\"@id\":\"https:\\\/\\\/golf-anderlecht.com\\\/fr_fr\\\/#\\\/schema\\\/person\\\/8c53ccb3db43a9140e75d2595bfe9f28\",\"name\":\"Office Office\",\"image\":{\"@type\":\"ImageObject\",\"inLanguage\":\"nl-BE\",\"@id\":\"https:\\\/\\\/secure.gravatar.com\\\/avatar\\\/a4ac4fac4be4764b65fe4ee601711c006c85c2e2a06fc69ad9b38ec084136b09?s=96&d=mm&r=g\",\"url\":\"https:\\\/\\\/secure.gravatar.com\\\/avatar\\\/a4ac4fac4be4764b65fe4ee601711c006c85c2e2a06fc69ad9b38ec084136b09?s=96&d=mm&r=g\",\"contentUrl\":\"https:\\\/\\\/secure.gravatar.com\\\/avatar\\\/a4ac4fac4be4764b65fe4ee601711c006c85c2e2a06fc69ad9b38ec084136b09?s=96&d=mm&r=g\",\"caption\":\"Office Office\"},\"url\":\"https:\\\/\\\/golf-anderlecht.com\\\/nl\\\/author\\\/office\\\/\"}]}<\/script>\n<!-- \/ Yoast SEO plugin. -->","yoast_head_json":{"title":"Comp\u00e9tition Roby Spaens - Royal Amicale Anderlecht Golf Club","robots":{"index":"index","follow":"follow","max-snippet":"max-snippet:-1","max-image-preview":"max-image-preview:large","max-video-preview":"max-video-preview:-1"},"canonical":"https:\/\/golf-anderlecht.com\/nl\/competition-roby-spaens\/","og_locale":"nl_BE","og_type":"article","og_title":"Comp\u00e9tition Roby Spaens - Royal Amicale Anderlecht Golf Club","og_description":"Ce samedi 30 ao\u00fbt, la comp\u00e9tition Roby a rassembl\u00e9 de nombreux joueurs sur le parcours du RAAGC ! \u26f3\ufe0f Un grand merci \u00e0 toutes et tous pour votre enthousiasme, votre esprit sportif et la belle \u00e9nergie qui ont rythm\u00e9 cette journ\u00e9e ensoleill\u00e9e. \u2600\ufe0f La journ\u00e9e s\u2019est cl\u00f4tur\u00e9e par une table de remise des prix tr\u00e8s [&hellip;]","og_url":"https:\/\/golf-anderlecht.com\/nl\/competition-roby-spaens\/","og_site_name":"Royal Amicale Anderlecht Golf Club","article_published_time":"2025-09-02T14:10:17+00:00","article_modified_time":"2025-09-02T14:10:18+00:00","og_image":[{"width":1536,"height":2048,"url":"https:\/\/golf-anderlecht.com\/wp-content\/uploads\/2025\/09\/WhatsApp-Image-2025-09-01-at-13.14.45.jpeg","type":"image\/jpeg"}],"author":"Office Office","twitter_card":"summary_large_image","twitter_misc":{"Geschreven door":"Office Office","Geschatte leestijd":"2 minuten"},"schema":{"@context":"https:\/\/schema.org","@graph":[{"@type":"Article","@id":"https:\/\/golf-anderlecht.com\/competition-roby-spaens\/#article","isPartOf":{"@id":"https:\/\/golf-anderlecht.com\/competition-roby-spaens\/"},"author":{"name":"Office Office","@id":"https:\/\/golf-anderlecht.com\/fr_fr\/#\/schema\/person\/8c53ccb3db43a9140e75d2595bfe9f28"},"headline":"Comp\u00e9tition Roby Spaens","datePublished":"2025-09-02T14:10:17+00:00","dateModified":"2025-09-02T14:10:18+00:00","mainEntityOfPage":{"@id":"https:\/\/golf-anderlecht.com\/competition-roby-spaens\/"},"wordCount":173,"commentCount":729,"publisher":{"@id":"https:\/\/golf-anderlecht.com\/fr_fr\/#organization"},"image":{"@id":"https:\/\/golf-anderlecht.com\/competition-roby-spaens\/#primaryimage"},"thumbnailUrl":"https:\/\/golf-anderlecht.com\/wp-content\/uploads\/2025\/09\/WhatsApp-Image-2025-09-01-at-13.14.45.jpeg","articleSection":["G\u00e9n\u00e9ral"],"inLanguage":"nl-BE","potentialAction":[{"@type":"CommentAction","name":"Comment","target":["https:\/\/golf-anderlecht.com\/competition-roby-spaens\/#respond"]}]},{"@type":"WebPage","@id":"https:\/\/golf-anderlecht.com\/competition-roby-spaens\/","url":"https:\/\/golf-anderlecht.com\/competition-roby-spaens\/","name":"Comp\u00e9tition Roby Spaens - Royal Amicale Anderlecht Golf Club","isPartOf":{"@id":"https:\/\/golf-anderlecht.com\/fr_fr\/#website"},"primaryImageOfPage":{"@id":"https:\/\/golf-anderlecht.com\/competition-roby-spaens\/#primaryimage"},"image":{"@id":"https:\/\/golf-anderlecht.com\/competition-roby-spaens\/#primaryimage"},"thumbnailUrl":"https:\/\/golf-anderlecht.com\/wp-content\/uploads\/2025\/09\/WhatsApp-Image-2025-09-01-at-13.14.45.jpeg","datePublished":"2025-09-02T14:10:17+00:00","dateModified":"2025-09-02T14:10:18+00:00","breadcrumb":{"@id":"https:\/\/golf-anderlecht.com\/competition-roby-spaens\/#breadcrumb"},"inLanguage":"nl-BE","potentialAction":[{"@type":"ReadAction","target":["https:\/\/golf-anderlecht.com\/competition-roby-spaens\/"]}]},{"@type":"ImageObject","inLanguage":"nl-BE","@id":"https:\/\/golf-anderlecht.com\/competition-roby-spaens\/#primaryimage","url":"https:\/\/golf-anderlecht.com\/wp-content\/uploads\/2025\/09\/WhatsApp-Image-2025-09-01-at-13.14.45.jpeg","contentUrl":"https:\/\/golf-anderlecht.com\/wp-content\/uploads\/2025\/09\/WhatsApp-Image-2025-09-01-at-13.14.45.jpeg","width":1536,"height":2048},{"@type":"BreadcrumbList","@id":"https:\/\/golf-anderlecht.com\/competition-roby-spaens\/#breadcrumb","itemListElement":[{"@type":"ListItem","position":1,"name":"Accueil","item":"https:\/\/golf-anderlecht.com\/fr_fr\/"},{"@type":"ListItem","position":2,"name":"Comp\u00e9tition Roby Spaens"}]},{"@type":"WebSite","@id":"https:\/\/golf-anderlecht.com\/fr_fr\/#website","url":"https:\/\/golf-anderlecht.com\/fr_fr\/","name":"Golfclub Koninklijke Amicale Anderlecht","description":"","publisher":{"@id":"https:\/\/golf-anderlecht.com\/fr_fr\/#organization"},"potentialAction":[{"@type":"SearchAction","target":{"@type":"EntryPoint","urlTemplate":"https:\/\/golf-anderlecht.com\/fr_fr\/?s={search_term_string}"},"query-input":{"@type":"PropertyValueSpecification","valueRequired":true,"valueName":"search_term_string"}}],"inLanguage":"nl-BE"},{"@type":"Organization","@id":"https:\/\/golf-anderlecht.com\/fr_fr\/#organization","name":"Golfclub Koninklijke Amicale Anderlecht","url":"https:\/\/golf-anderlecht.com\/fr_fr\/","logo":{"@type":"ImageObject","inLanguage":"nl-BE","@id":"https:\/\/golf-anderlecht.com\/fr_fr\/#\/schema\/logo\/image\/","url":"https:\/\/golf-anderlecht.com\/wp-content\/uploads\/2026\/03\/cropped-Logo-blanc-2026.png","contentUrl":"https:\/\/golf-anderlecht.com\/wp-content\/uploads\/2026\/03\/cropped-Logo-blanc-2026.png","width":616,"height":617,"caption":"Royal Amicale Anderlecht Golf Club"},"image":{"@id":"https:\/\/golf-anderlecht.com\/fr_fr\/#\/schema\/logo\/image\/"}},{"@type":"Person","@id":"https:\/\/golf-anderlecht.com\/fr_fr\/#\/schema\/person\/8c53ccb3db43a9140e75d2595bfe9f28","name":"Kantoor Kantoor","image":{"@type":"ImageObject","inLanguage":"nl-BE","@id":"https:\/\/secure.gravatar.com\/avatar\/a4ac4fac4be4764b65fe4ee601711c006c85c2e2a06fc69ad9b38ec084136b09?s=96&d=mm&r=g","url":"https:\/\/secure.gravatar.com\/avatar\/a4ac4fac4be4764b65fe4ee601711c006c85c2e2a06fc69ad9b38ec084136b09?s=96&d=mm&r=g","contentUrl":"https:\/\/secure.gravatar.com\/avatar\/a4ac4fac4be4764b65fe4ee601711c006c85c2e2a06fc69ad9b38ec084136b09?s=96&d=mm&r=g","caption":"Office Office"},"url":"https:\/\/golf-anderlecht.com\/nl\/author\/office\/"}]}},"_links":{"self":[{"href":"https:\/\/golf-anderlecht.com\/nl\/wp-json\/wp\/v2\/posts\/43725","targetHints":{"allow":["GET"]}}],"collection":[{"href":"https:\/\/golf-anderlecht.com\/nl\/wp-json\/wp\/v2\/posts"}],"about":[{"href":"https:\/\/golf-anderlecht.com\/nl\/wp-json\/wp\/v2\/types\/post"}],"author":[{"embeddable":true,"href":"https:\/\/golf-anderlecht.com\/nl\/wp-json\/wp\/v2\/users\/4"}],"replies":[{"embeddable":true,"href":"https:\/\/golf-anderlecht.com\/nl\/wp-json\/wp\/v2\/comments?post=43725"}],"version-history":[{"count":1,"href":"https:\/\/golf-anderlecht.com\/nl\/wp-json\/wp\/v2\/posts\/43725\/revisions"}],"predecessor-version":[{"id":43727,"href":"https:\/\/golf-anderlecht.com\/nl\/wp-json\/wp\/v2\/posts\/43725\/revisions\/43727"}],"wp:featuredmedia":[{"embeddable":true,"href":"https:\/\/golf-anderlecht.com\/nl\/wp-json\/wp\/v2\/media\/43726"}],"wp:attachment":[{"href":"https:\/\/golf-anderlecht.com\/nl\/wp-json\/wp\/v2\/media?parent=43725"}],"wp:term":[{"taxonomy":"category","embeddable":true,"href":"https:\/\/golf-anderlecht.com\/nl\/wp-json\/wp\/v2\/categories?post=43725"},{"taxonomy":"post_tag","embeddable":true,"href":"https:\/\/golf-anderlecht.com\/nl\/wp-json\/wp\/v2\/tags?post=43725"}],"curies":[{"name":"wp","href":"https:\/\/api.w.org\/{rel}","templated":true}]}}