{"id":43854,"date":"2025-10-21T16:38:11","date_gmt":"2025-10-21T16:38:11","guid":{"rendered":"https:\/\/golf-anderlecht.com\/?p=43854"},"modified":"2025-10-21T16:38:42","modified_gmt":"2025-10-21T16:38:42","slug":"%f0%9f%8f%86-coupe-de-lamitie","status":"publish","type":"post","link":"https:\/\/golf-anderlecht.com\/fr_fr\/%f0%9f%8f%86-coupe-de-lamitie\/","title":{"rendered":"\ud83c\udfc6 Coupe de l\u2019Amiti\u00e9"},"content":{"rendered":"\n<p>Ce dimanche 19 octobre s\u2019est d\u00e9roul\u00e9e la <strong>derni\u00e8re manche de la Coupe de l\u2019Amiti\u00e9<\/strong>, sous un ciel cl\u00e9ment et quelques belles \u00e9claircies \u2014 de quoi jouer en polo !<\/p>\n\n\n\n<p>Apr\u00e8s six comp\u00e9titions disput\u00e9es tout au long de la saison, nous avons r\u00e9compens\u00e9 les meilleurs joueuses et joueurs sur base de leurs <strong>trois meilleurs r\u00e9sultats<\/strong>, ainsi que les <strong>participants les plus assidus<\/strong>. Un <strong>tirage au sort<\/strong> a \u00e9galement fait quelques heureux, dont notre incontournable <strong>Jacques national<\/strong> !<\/p>\n\n\n\n<p>Sur le parcours, <strong>ambiance excellente et entente parfaite<\/strong> : une vraie journ\u00e9e de golf comme on les aime.<\/p>\n\n\n\n<p>Une <strong>pause gourmande<\/strong> sign\u00e9e <em>La Maison Bleue<\/em> nous attendait au neuvi\u00e8me trou, avec de d\u00e9licieux tapas, pissaladi\u00e8res et wraps raffin\u00e9s \u2014 un grand merci pour cette attention !<\/p>\n\n\n\n<p>La journ\u00e9e s\u2019est aussi plac\u00e9e sous le signe de la <strong>solidarit\u00e9<\/strong> : gr\u00e2ce \u00e0 <strong>Marc Fr\u00e8re<\/strong>, un <strong>ch\u00e8que a \u00e9t\u00e9 remis \u00e0 l\u2019ASBL Pinocchio<\/strong>, au profit des enfants br\u00fbl\u00e9s et de leurs familles.<\/p>\n\n\n\n<p>La comp\u00e9tition s\u2019est conclue dans une ambiance conviviale, autour d\u2019une belle table et de nombreux \u00e9clats de rire.<\/p>\n\n\n\n<p>\ud83d\udc4f <strong>Bravo aux joueurs : Serge Rothschild, Litchy Liccioni et Vermander Vincent<\/strong>, pour leurs belles performances et leur esprit sportif !<\/p>\n\n\n\n<p>Un grand merci \u00e0 toutes et \u00e0 tous pour votre <strong>enthousiasme, votre fair-play et votre fid\u00e9lit\u00e9<\/strong> tout au long de cette belle Coupe de l\u2019Amiti\u00e9 ! \ud83d\udc9a<\/p>\n\n\n\n<hr class=\"wp-block-separator has-alpha-channel-opacity\" \/>\n\n\n\n<p>Afgelopen zondag 19 oktober vond de <strong>laatste manche van de Vriendschapsbeker<\/strong> plaats, onder een zacht herfstzonnetje en enkele mooie opklaringen \u2014 ideaal golfweer, zelfs in polo!<\/p>\n\n\n\n<p>Na zes wedstrijden doorheen het seizoen werden de <strong>beste speelsters en spelers<\/strong> beloond op basis van hun <strong>drie beste resultaten<\/strong>, evenals de <strong>meest trouwe deelnemers<\/strong>. Een <strong>lottrekking<\/strong> zorgde ook voor enkele gelukkigen, waaronder onze onvergetelijke <strong>Jacques<\/strong>!<\/p>\n\n\n\n<p>Op de baan heerste een <strong>uitstekende sfeer en perfecte verstandhouding<\/strong> \u2014 precies zoals we het graag hebben.<\/p>\n\n\n\n<p>Bij de <strong>negende hole<\/strong> werden we verrast door een heerlijke pauze verzorgd door <em>La Maison Bleue<\/em>, met smakelijke tapas, pissaladi\u00e8res en verfijnde wraps. <strong>Hartelijk dank<\/strong> voor deze heerlijke traktatie!<\/p>\n\n\n\n<p>De dag stond ook in het teken van <strong>solidariteit<\/strong>: dankzij <strong>Marc Fr\u00e8re<\/strong> konden we een <strong>cheque overhandigen aan de vzw Pinocchio<\/strong>, ten voordele van kinderen met brandwonden en hun families.<\/p>\n\n\n\n<p>De wedstrijd eindigde in een <strong>gezellige en vrolijke sfeer<\/strong>, rond een mooie tafel vol verhalen en lachmomenten.<\/p>\n\n\n\n<p>\ud83d\udc4f <strong>Proficiat aan de spelers: Serge Rothschild, Litchy Liccioni en Vermander Vincent<\/strong>, voor hun knappe prestaties en sportieve geest!<\/p>\n\n\n\n<p>Een grote dank aan iedereen voor jullie <strong>enthousiasme, fairplay en trouw<\/strong> gedurende deze prachtige editie van de <strong>Vriendschapsbeker<\/strong>! \ud83d\udc9a<\/p>\n","protected":false},"excerpt":{"rendered":"<p>Ce dimanche 19 octobre s\u2019est d\u00e9roul\u00e9e la derni\u00e8re manche de la Coupe de l\u2019Amiti\u00e9, sous un ciel cl\u00e9ment et quelques belles \u00e9claircies \u2014 de quoi jouer en polo ! Apr\u00e8s six comp\u00e9titions disput\u00e9es tout au long de la saison, nous avons r\u00e9compens\u00e9 les meilleurs joueuses et joueurs sur base de leurs trois meilleurs r\u00e9sultats, ainsi [&hellip;]<\/p>\n","protected":false},"author":4,"featured_media":43855,"comment_status":"closed","ping_status":"closed","sticky":false,"template":"","format":"standard","meta":{"_acf_changed":false,"footnotes":""},"categories":[10],"tags":[],"class_list":["post-43854","post","type-post","status-publish","format-standard","has-post-thumbnail","hentry","category-general"],"acf":[],"yoast_head":"<!-- This site is optimized with the Yoast SEO plugin v27.4 - https:\/\/yoast.com\/product\/yoast-seo-wordpress\/ -->\n<title>\ud83c\udfc6 Coupe de l\u2019Amiti\u00e9 - Royal Amicale Anderlecht Golf Club<\/title>\n<meta name=\"robots\" content=\"index, follow, max-snippet:-1, max-image-preview:large, max-video-preview:-1\" \/>\n<link rel=\"canonical\" href=\"https:\/\/golf-anderlecht.com\/fr_fr\/\ud83c\udfc6-coupe-de-lamitie\/\" \/>\n<meta property=\"og:locale\" content=\"fr_FR\" \/>\n<meta property=\"og:type\" content=\"article\" \/>\n<meta property=\"og:title\" content=\"\ud83c\udfc6 Coupe de l\u2019Amiti\u00e9 - Royal Amicale Anderlecht Golf Club\" \/>\n<meta property=\"og:description\" content=\"Ce dimanche 19 octobre s\u2019est d\u00e9roul\u00e9e la derni\u00e8re manche de la Coupe de l\u2019Amiti\u00e9, sous un ciel cl\u00e9ment et quelques belles \u00e9claircies \u2014 de quoi jouer en polo ! Apr\u00e8s six comp\u00e9titions disput\u00e9es tout au long de la saison, nous avons r\u00e9compens\u00e9 les meilleurs joueuses et joueurs sur base de leurs trois meilleurs r\u00e9sultats, ainsi [&hellip;]\" \/>\n<meta property=\"og:url\" content=\"https:\/\/golf-anderlecht.com\/fr_fr\/\ud83c\udfc6-coupe-de-lamitie\/\" \/>\n<meta property=\"og:site_name\" content=\"Royal Amicale Anderlecht Golf Club\" \/>\n<meta property=\"article:published_time\" content=\"2025-10-21T16:38:11+00:00\" \/>\n<meta property=\"article:modified_time\" content=\"2025-10-21T16:38:42+00:00\" \/>\n<meta property=\"og:image\" content=\"https:\/\/golf-anderlecht.com\/wp-content\/uploads\/2025\/10\/WhatsApp-Image-2025-10-20-at-16.54.29.jpeg\" \/>\n\t<meta property=\"og:image:width\" content=\"1200\" \/>\n\t<meta property=\"og:image:height\" content=\"1600\" \/>\n\t<meta property=\"og:image:type\" content=\"image\/jpeg\" \/>\n<meta name=\"author\" content=\"Office Office\" \/>\n<meta name=\"twitter:card\" content=\"summary_large_image\" \/>\n<meta name=\"twitter:label1\" content=\"\u00c9crit par\" \/>\n\t<meta name=\"twitter:data1\" content=\"Office Office\" \/>\n\t<meta name=\"twitter:label2\" content=\"Dur\u00e9e de lecture estim\u00e9e\" \/>\n\t<meta name=\"twitter:data2\" content=\"3 minutes\" \/>\n<script type=\"application\/ld+json\" class=\"yoast-schema-graph\">{\"@context\":\"https:\\\/\\\/schema.org\",\"@graph\":[{\"@type\":\"Article\",\"@id\":\"https:\\\/\\\/golf-anderlecht.com\\\/%f0%9f%8f%86-coupe-de-lamitie\\\/#article\",\"isPartOf\":{\"@id\":\"https:\\\/\\\/golf-anderlecht.com\\\/%f0%9f%8f%86-coupe-de-lamitie\\\/\"},\"author\":{\"name\":\"Office Office\",\"@id\":\"https:\\\/\\\/golf-anderlecht.com\\\/fr_fr\\\/#\\\/schema\\\/person\\\/8c53ccb3db43a9140e75d2595bfe9f28\"},\"headline\":\"\ud83c\udfc6 Coupe de l\u2019Amiti\u00e9\",\"datePublished\":\"2025-10-21T16:38:11+00:00\",\"dateModified\":\"2025-10-21T16:38:42+00:00\",\"mainEntityOfPage\":{\"@id\":\"https:\\\/\\\/golf-anderlecht.com\\\/%f0%9f%8f%86-coupe-de-lamitie\\\/\"},\"wordCount\":429,\"publisher\":{\"@id\":\"https:\\\/\\\/golf-anderlecht.com\\\/fr_fr\\\/#organization\"},\"image\":{\"@id\":\"https:\\\/\\\/golf-anderlecht.com\\\/%f0%9f%8f%86-coupe-de-lamitie\\\/#primaryimage\"},\"thumbnailUrl\":\"https:\\\/\\\/golf-anderlecht.com\\\/wp-content\\\/uploads\\\/2025\\\/10\\\/WhatsApp-Image-2025-10-20-at-16.54.29.jpeg\",\"articleSection\":[\"G\u00e9n\u00e9ral\"],\"inLanguage\":\"fr-FR\"},{\"@type\":\"WebPage\",\"@id\":\"https:\\\/\\\/golf-anderlecht.com\\\/%f0%9f%8f%86-coupe-de-lamitie\\\/\",\"url\":\"https:\\\/\\\/golf-anderlecht.com\\\/%f0%9f%8f%86-coupe-de-lamitie\\\/\",\"name\":\"\ud83c\udfc6 Coupe de l\u2019Amiti\u00e9 - Royal Amicale Anderlecht Golf Club\",\"isPartOf\":{\"@id\":\"https:\\\/\\\/golf-anderlecht.com\\\/fr_fr\\\/#website\"},\"primaryImageOfPage\":{\"@id\":\"https:\\\/\\\/golf-anderlecht.com\\\/%f0%9f%8f%86-coupe-de-lamitie\\\/#primaryimage\"},\"image\":{\"@id\":\"https:\\\/\\\/golf-anderlecht.com\\\/%f0%9f%8f%86-coupe-de-lamitie\\\/#primaryimage\"},\"thumbnailUrl\":\"https:\\\/\\\/golf-anderlecht.com\\\/wp-content\\\/uploads\\\/2025\\\/10\\\/WhatsApp-Image-2025-10-20-at-16.54.29.jpeg\",\"datePublished\":\"2025-10-21T16:38:11+00:00\",\"dateModified\":\"2025-10-21T16:38:42+00:00\",\"breadcrumb\":{\"@id\":\"https:\\\/\\\/golf-anderlecht.com\\\/%f0%9f%8f%86-coupe-de-lamitie\\\/#breadcrumb\"},\"inLanguage\":\"fr-FR\",\"potentialAction\":[{\"@type\":\"ReadAction\",\"target\":[\"https:\\\/\\\/golf-anderlecht.com\\\/%f0%9f%8f%86-coupe-de-lamitie\\\/\"]}]},{\"@type\":\"ImageObject\",\"inLanguage\":\"fr-FR\",\"@id\":\"https:\\\/\\\/golf-anderlecht.com\\\/%f0%9f%8f%86-coupe-de-lamitie\\\/#primaryimage\",\"url\":\"https:\\\/\\\/golf-anderlecht.com\\\/wp-content\\\/uploads\\\/2025\\\/10\\\/WhatsApp-Image-2025-10-20-at-16.54.29.jpeg\",\"contentUrl\":\"https:\\\/\\\/golf-anderlecht.com\\\/wp-content\\\/uploads\\\/2025\\\/10\\\/WhatsApp-Image-2025-10-20-at-16.54.29.jpeg\",\"width\":1200,\"height\":1600},{\"@type\":\"BreadcrumbList\",\"@id\":\"https:\\\/\\\/golf-anderlecht.com\\\/%f0%9f%8f%86-coupe-de-lamitie\\\/#breadcrumb\",\"itemListElement\":[{\"@type\":\"ListItem\",\"position\":1,\"name\":\"Accueil\",\"item\":\"https:\\\/\\\/golf-anderlecht.com\\\/fr_fr\\\/\"},{\"@type\":\"ListItem\",\"position\":2,\"name\":\"\ud83c\udfc6 Coupe de l\u2019Amiti\u00e9\"}]},{\"@type\":\"WebSite\",\"@id\":\"https:\\\/\\\/golf-anderlecht.com\\\/fr_fr\\\/#website\",\"url\":\"https:\\\/\\\/golf-anderlecht.com\\\/fr_fr\\\/\",\"name\":\"Royal Amicale Anderlecht Golf Club\",\"description\":\"\",\"publisher\":{\"@id\":\"https:\\\/\\\/golf-anderlecht.com\\\/fr_fr\\\/#organization\"},\"potentialAction\":[{\"@type\":\"SearchAction\",\"target\":{\"@type\":\"EntryPoint\",\"urlTemplate\":\"https:\\\/\\\/golf-anderlecht.com\\\/fr_fr\\\/?s={search_term_string}\"},\"query-input\":{\"@type\":\"PropertyValueSpecification\",\"valueRequired\":true,\"valueName\":\"search_term_string\"}}],\"inLanguage\":\"fr-FR\"},{\"@type\":\"Organization\",\"@id\":\"https:\\\/\\\/golf-anderlecht.com\\\/fr_fr\\\/#organization\",\"name\":\"Royal Amicale Anderlecht Golf Club\",\"url\":\"https:\\\/\\\/golf-anderlecht.com\\\/fr_fr\\\/\",\"logo\":{\"@type\":\"ImageObject\",\"inLanguage\":\"fr-FR\",\"@id\":\"https:\\\/\\\/golf-anderlecht.com\\\/fr_fr\\\/#\\\/schema\\\/logo\\\/image\\\/\",\"url\":\"https:\\\/\\\/golf-anderlecht.com\\\/wp-content\\\/uploads\\\/2026\\\/03\\\/cropped-Logo-blanc-2026.png\",\"contentUrl\":\"https:\\\/\\\/golf-anderlecht.com\\\/wp-content\\\/uploads\\\/2026\\\/03\\\/cropped-Logo-blanc-2026.png\",\"width\":616,\"height\":617,\"caption\":\"Royal Amicale Anderlecht Golf Club\"},\"image\":{\"@id\":\"https:\\\/\\\/golf-anderlecht.com\\\/fr_fr\\\/#\\\/schema\\\/logo\\\/image\\\/\"}},{\"@type\":\"Person\",\"@id\":\"https:\\\/\\\/golf-anderlecht.com\\\/fr_fr\\\/#\\\/schema\\\/person\\\/8c53ccb3db43a9140e75d2595bfe9f28\",\"name\":\"Office Office\",\"image\":{\"@type\":\"ImageObject\",\"inLanguage\":\"fr-FR\",\"@id\":\"https:\\\/\\\/secure.gravatar.com\\\/avatar\\\/a4ac4fac4be4764b65fe4ee601711c006c85c2e2a06fc69ad9b38ec084136b09?s=96&d=mm&r=g\",\"url\":\"https:\\\/\\\/secure.gravatar.com\\\/avatar\\\/a4ac4fac4be4764b65fe4ee601711c006c85c2e2a06fc69ad9b38ec084136b09?s=96&d=mm&r=g\",\"contentUrl\":\"https:\\\/\\\/secure.gravatar.com\\\/avatar\\\/a4ac4fac4be4764b65fe4ee601711c006c85c2e2a06fc69ad9b38ec084136b09?s=96&d=mm&r=g\",\"caption\":\"Office Office\"},\"url\":\"https:\\\/\\\/golf-anderlecht.com\\\/fr_fr\\\/author\\\/office\\\/\"}]}<\/script>\n<!-- \/ Yoast SEO plugin. -->","yoast_head_json":{"title":"\ud83c\udfc6 Coupe de l\u2019Amiti\u00e9 - Royal Amicale Anderlecht Golf Club","robots":{"index":"index","follow":"follow","max-snippet":"max-snippet:-1","max-image-preview":"max-image-preview:large","max-video-preview":"max-video-preview:-1"},"canonical":"https:\/\/golf-anderlecht.com\/fr_fr\/\ud83c\udfc6-coupe-de-lamitie\/","og_locale":"fr_FR","og_type":"article","og_title":"\ud83c\udfc6 Coupe de l\u2019Amiti\u00e9 - Royal Amicale Anderlecht Golf Club","og_description":"Ce dimanche 19 octobre s\u2019est d\u00e9roul\u00e9e la derni\u00e8re manche de la Coupe de l\u2019Amiti\u00e9, sous un ciel cl\u00e9ment et quelques belles \u00e9claircies \u2014 de quoi jouer en polo ! Apr\u00e8s six comp\u00e9titions disput\u00e9es tout au long de la saison, nous avons r\u00e9compens\u00e9 les meilleurs joueuses et joueurs sur base de leurs trois meilleurs r\u00e9sultats, ainsi [&hellip;]","og_url":"https:\/\/golf-anderlecht.com\/fr_fr\/\ud83c\udfc6-coupe-de-lamitie\/","og_site_name":"Royal Amicale Anderlecht Golf Club","article_published_time":"2025-10-21T16:38:11+00:00","article_modified_time":"2025-10-21T16:38:42+00:00","og_image":[{"width":1200,"height":1600,"url":"https:\/\/golf-anderlecht.com\/wp-content\/uploads\/2025\/10\/WhatsApp-Image-2025-10-20-at-16.54.29.jpeg","type":"image\/jpeg"}],"author":"Office Office","twitter_card":"summary_large_image","twitter_misc":{"\u00c9crit par":"Office Office","Dur\u00e9e de lecture estim\u00e9e":"3 minutes"},"schema":{"@context":"https:\/\/schema.org","@graph":[{"@type":"Article","@id":"https:\/\/golf-anderlecht.com\/%f0%9f%8f%86-coupe-de-lamitie\/#article","isPartOf":{"@id":"https:\/\/golf-anderlecht.com\/%f0%9f%8f%86-coupe-de-lamitie\/"},"author":{"name":"Office Office","@id":"https:\/\/golf-anderlecht.com\/fr_fr\/#\/schema\/person\/8c53ccb3db43a9140e75d2595bfe9f28"},"headline":"\ud83c\udfc6 Coupe de l\u2019Amiti\u00e9","datePublished":"2025-10-21T16:38:11+00:00","dateModified":"2025-10-21T16:38:42+00:00","mainEntityOfPage":{"@id":"https:\/\/golf-anderlecht.com\/%f0%9f%8f%86-coupe-de-lamitie\/"},"wordCount":429,"publisher":{"@id":"https:\/\/golf-anderlecht.com\/fr_fr\/#organization"},"image":{"@id":"https:\/\/golf-anderlecht.com\/%f0%9f%8f%86-coupe-de-lamitie\/#primaryimage"},"thumbnailUrl":"https:\/\/golf-anderlecht.com\/wp-content\/uploads\/2025\/10\/WhatsApp-Image-2025-10-20-at-16.54.29.jpeg","articleSection":["G\u00e9n\u00e9ral"],"inLanguage":"fr-FR"},{"@type":"WebPage","@id":"https:\/\/golf-anderlecht.com\/%f0%9f%8f%86-coupe-de-lamitie\/","url":"https:\/\/golf-anderlecht.com\/%f0%9f%8f%86-coupe-de-lamitie\/","name":"\ud83c\udfc6 Coupe de l\u2019Amiti\u00e9 - Royal Amicale Anderlecht Golf Club","isPartOf":{"@id":"https:\/\/golf-anderlecht.com\/fr_fr\/#website"},"primaryImageOfPage":{"@id":"https:\/\/golf-anderlecht.com\/%f0%9f%8f%86-coupe-de-lamitie\/#primaryimage"},"image":{"@id":"https:\/\/golf-anderlecht.com\/%f0%9f%8f%86-coupe-de-lamitie\/#primaryimage"},"thumbnailUrl":"https:\/\/golf-anderlecht.com\/wp-content\/uploads\/2025\/10\/WhatsApp-Image-2025-10-20-at-16.54.29.jpeg","datePublished":"2025-10-21T16:38:11+00:00","dateModified":"2025-10-21T16:38:42+00:00","breadcrumb":{"@id":"https:\/\/golf-anderlecht.com\/%f0%9f%8f%86-coupe-de-lamitie\/#breadcrumb"},"inLanguage":"fr-FR","potentialAction":[{"@type":"ReadAction","target":["https:\/\/golf-anderlecht.com\/%f0%9f%8f%86-coupe-de-lamitie\/"]}]},{"@type":"ImageObject","inLanguage":"fr-FR","@id":"https:\/\/golf-anderlecht.com\/%f0%9f%8f%86-coupe-de-lamitie\/#primaryimage","url":"https:\/\/golf-anderlecht.com\/wp-content\/uploads\/2025\/10\/WhatsApp-Image-2025-10-20-at-16.54.29.jpeg","contentUrl":"https:\/\/golf-anderlecht.com\/wp-content\/uploads\/2025\/10\/WhatsApp-Image-2025-10-20-at-16.54.29.jpeg","width":1200,"height":1600},{"@type":"BreadcrumbList","@id":"https:\/\/golf-anderlecht.com\/%f0%9f%8f%86-coupe-de-lamitie\/#breadcrumb","itemListElement":[{"@type":"ListItem","position":1,"name":"Accueil","item":"https:\/\/golf-anderlecht.com\/fr_fr\/"},{"@type":"ListItem","position":2,"name":"\ud83c\udfc6 Coupe de l\u2019Amiti\u00e9"}]},{"@type":"WebSite","@id":"https:\/\/golf-anderlecht.com\/fr_fr\/#website","url":"https:\/\/golf-anderlecht.com\/fr_fr\/","name":"Royal Amicale Anderlecht Golf Club","description":"","publisher":{"@id":"https:\/\/golf-anderlecht.com\/fr_fr\/#organization"},"potentialAction":[{"@type":"SearchAction","target":{"@type":"EntryPoint","urlTemplate":"https:\/\/golf-anderlecht.com\/fr_fr\/?s={search_term_string}"},"query-input":{"@type":"PropertyValueSpecification","valueRequired":true,"valueName":"search_term_string"}}],"inLanguage":"fr-FR"},{"@type":"Organization","@id":"https:\/\/golf-anderlecht.com\/fr_fr\/#organization","name":"Royal Amicale Anderlecht Golf Club","url":"https:\/\/golf-anderlecht.com\/fr_fr\/","logo":{"@type":"ImageObject","inLanguage":"fr-FR","@id":"https:\/\/golf-anderlecht.com\/fr_fr\/#\/schema\/logo\/image\/","url":"https:\/\/golf-anderlecht.com\/wp-content\/uploads\/2026\/03\/cropped-Logo-blanc-2026.png","contentUrl":"https:\/\/golf-anderlecht.com\/wp-content\/uploads\/2026\/03\/cropped-Logo-blanc-2026.png","width":616,"height":617,"caption":"Royal Amicale Anderlecht Golf Club"},"image":{"@id":"https:\/\/golf-anderlecht.com\/fr_fr\/#\/schema\/logo\/image\/"}},{"@type":"Person","@id":"https:\/\/golf-anderlecht.com\/fr_fr\/#\/schema\/person\/8c53ccb3db43a9140e75d2595bfe9f28","name":"Office Office","image":{"@type":"ImageObject","inLanguage":"fr-FR","@id":"https:\/\/secure.gravatar.com\/avatar\/a4ac4fac4be4764b65fe4ee601711c006c85c2e2a06fc69ad9b38ec084136b09?s=96&d=mm&r=g","url":"https:\/\/secure.gravatar.com\/avatar\/a4ac4fac4be4764b65fe4ee601711c006c85c2e2a06fc69ad9b38ec084136b09?s=96&d=mm&r=g","contentUrl":"https:\/\/secure.gravatar.com\/avatar\/a4ac4fac4be4764b65fe4ee601711c006c85c2e2a06fc69ad9b38ec084136b09?s=96&d=mm&r=g","caption":"Office Office"},"url":"https:\/\/golf-anderlecht.com\/fr_fr\/author\/office\/"}]}},"_links":{"self":[{"href":"https:\/\/golf-anderlecht.com\/fr_fr\/wp-json\/wp\/v2\/posts\/43854","targetHints":{"allow":["GET"]}}],"collection":[{"href":"https:\/\/golf-anderlecht.com\/fr_fr\/wp-json\/wp\/v2\/posts"}],"about":[{"href":"https:\/\/golf-anderlecht.com\/fr_fr\/wp-json\/wp\/v2\/types\/post"}],"author":[{"embeddable":true,"href":"https:\/\/golf-anderlecht.com\/fr_fr\/wp-json\/wp\/v2\/users\/4"}],"replies":[{"embeddable":true,"href":"https:\/\/golf-anderlecht.com\/fr_fr\/wp-json\/wp\/v2\/comments?post=43854"}],"version-history":[{"count":2,"href":"https:\/\/golf-anderlecht.com\/fr_fr\/wp-json\/wp\/v2\/posts\/43854\/revisions"}],"predecessor-version":[{"id":43858,"href":"https:\/\/golf-anderlecht.com\/fr_fr\/wp-json\/wp\/v2\/posts\/43854\/revisions\/43858"}],"wp:featuredmedia":[{"embeddable":true,"href":"https:\/\/golf-anderlecht.com\/fr_fr\/wp-json\/wp\/v2\/media\/43855"}],"wp:attachment":[{"href":"https:\/\/golf-anderlecht.com\/fr_fr\/wp-json\/wp\/v2\/media?parent=43854"}],"wp:term":[{"taxonomy":"category","embeddable":true,"href":"https:\/\/golf-anderlecht.com\/fr_fr\/wp-json\/wp\/v2\/categories?post=43854"},{"taxonomy":"post_tag","embeddable":true,"href":"https:\/\/golf-anderlecht.com\/fr_fr\/wp-json\/wp\/v2\/tags?post=43854"}],"curies":[{"name":"wp","href":"https:\/\/api.w.org\/{rel}","templated":true}]}}