{"id":44055,"date":"2026-03-09T10:12:09","date_gmt":"2026-03-09T10:12:09","guid":{"rendered":"https:\/\/golf-anderlecht.com\/?p=44055"},"modified":"2026-03-09T10:12:10","modified_gmt":"2026-03-09T10:12:10","slug":"competition-la-cross-%f0%9f%8f%8c%ef%b8%8f","status":"publish","type":"post","link":"https:\/\/golf-anderlecht.com\/en\/competition-la-cross-%f0%9f%8f%8c%ef%b8%8f\/","title":{"rendered":"Comp\u00e9tition La Cross \ud83c\udfcc\ufe0f"},"content":{"rendered":"<p>Ce dimanche 8 mars s\u2019est d\u00e9roul\u00e9e notre traditionnelle comp\u00e9tition La Cross, un rendez-vous toujours tr\u00e8s attendu par nos membres.<\/p>\n\n\n\n<p>Nous tenons \u00e0 remercier chaleureusement l\u2019ensemble des participants<strong> <\/strong>pour leur pr\u00e9sence, leur enthousiasme et leur excellente humeur tout au long de la journ\u00e9e. Cette comp\u00e9tition atypique et conviviale a une nouvelle fois offert de beaux moments de sport et de partage sur le parcours.<\/p>\n\n\n\n<p>Un merci tout particulier \u00e0 Michel Fey, l\u2019organisateur de cette comp\u00e9tition depuis de nombreuses ann\u00e9es. Gr\u00e2ce \u00e0 son investissement, son \u00e9nergie et sa passion, La Cross reste un \u00e9v\u00e9nement unique et appr\u00e9ci\u00e9 au sein de notre club.<\/p>\n\n\n\n<p>Nous esp\u00e9rons vous retrouver encore nombreux lors des prochaines \u00e9ditions !<\/p>\n\n\n\n<hr class=\"wp-block-separator has-alpha-channel-opacity\" \/>\n\n\n\n<p>Op zondag 8 maart vond onze traditionele wedstrijd La Cross plaats, een afspraak waar onze leden telkens opnieuw naar uitkijken.<\/p>\n\n\n\n<p>Wij willen alle deelnemers van harte bedanken voor hun aanwezigheid, hun enthousiasme en hun goede sfeer gedurende de hele dag. Deze atypische en gezellige wedstrijd zorgde opnieuw voor mooie momenten van sport en samenzijn op de baan.<\/p>\n\n\n\n<p>Een bijzondere dank gaat uit naar Michel Fey, die deze wedstrijd al jarenlang organiseert. Dankzij zijn inzet, energie en passie blijft La Cross een uniek en gewaardeerd evenement binnen onze club.<\/p>\n\n\n\n<p>Wij hopen u bij de volgende edities opnieuw talrijk te mogen verwelkomen!<\/p>\n\n\n\n<p><\/p>","protected":false},"excerpt":{"rendered":"<p>Ce dimanche 8 mars s\u2019est d\u00e9roul\u00e9e notre traditionnelle comp\u00e9tition La Cross, un rendez-vous toujours tr\u00e8s attendu par nos membres. Nous tenons \u00e0 remercier chaleureusement l\u2019ensemble des participants pour leur pr\u00e9sence, leur enthousiasme et leur excellente humeur tout au long de la journ\u00e9e. Cette comp\u00e9tition atypique et conviviale a une nouvelle fois offert de beaux moments [&hellip;]<\/p>\n","protected":false},"author":4,"featured_media":44056,"comment_status":"closed","ping_status":"closed","sticky":false,"template":"","format":"standard","meta":{"_acf_changed":false,"footnotes":""},"categories":[10],"tags":[],"class_list":["post-44055","post","type-post","status-publish","format-standard","has-post-thumbnail","hentry","category-general"],"acf":[],"yoast_head":"<!-- This site is optimized with the Yoast SEO plugin v27.4 - https:\/\/yoast.com\/product\/yoast-seo-wordpress\/ -->\n<title>Comp\u00e9tition La Cross \ud83c\udfcc\ufe0f - Royal Amicale Anderlecht Golf Club<\/title>\n<meta name=\"robots\" content=\"index, follow, max-snippet:-1, max-image-preview:large, max-video-preview:-1\" \/>\n<link rel=\"canonical\" href=\"https:\/\/golf-anderlecht.com\/en\/competition-la-cross-\ud83c\udfcc\ufe0f\/\" \/>\n<meta property=\"og:locale\" content=\"en_GB\" \/>\n<meta property=\"og:type\" content=\"article\" \/>\n<meta property=\"og:title\" content=\"Comp\u00e9tition La Cross \ud83c\udfcc\ufe0f - Royal Amicale Anderlecht Golf Club\" \/>\n<meta property=\"og:description\" content=\"Ce dimanche 8 mars s\u2019est d\u00e9roul\u00e9e notre traditionnelle comp\u00e9tition La Cross, un rendez-vous toujours tr\u00e8s attendu par nos membres. Nous tenons \u00e0 remercier chaleureusement l\u2019ensemble des participants pour leur pr\u00e9sence, leur enthousiasme et leur excellente humeur tout au long de la journ\u00e9e. Cette comp\u00e9tition atypique et conviviale a une nouvelle fois offert de beaux moments [&hellip;]\" \/>\n<meta property=\"og:url\" content=\"https:\/\/golf-anderlecht.com\/en\/competition-la-cross-\ud83c\udfcc\ufe0f\/\" \/>\n<meta property=\"og:site_name\" content=\"Royal Amicale Anderlecht Golf Club\" \/>\n<meta property=\"article:published_time\" content=\"2026-03-09T10:12:09+00:00\" \/>\n<meta property=\"article:modified_time\" content=\"2026-03-09T10:12:10+00:00\" \/>\n<meta property=\"og:image\" content=\"https:\/\/golf-anderlecht.com\/wp-content\/uploads\/2026\/03\/649351650_969485265643629_2117863109496934934_n.jpg\" \/>\n\t<meta property=\"og:image:width\" content=\"900\" \/>\n\t<meta property=\"og:image:height\" content=\"1600\" \/>\n\t<meta property=\"og:image:type\" content=\"image\/jpeg\" \/>\n<meta name=\"author\" content=\"Office Office\" \/>\n<meta name=\"twitter:card\" content=\"summary_large_image\" \/>\n<meta name=\"twitter:label1\" content=\"Written by\" \/>\n\t<meta name=\"twitter:data1\" content=\"Office Office\" \/>\n\t<meta name=\"twitter:label2\" content=\"Estimated reading time\" \/>\n\t<meta name=\"twitter:data2\" content=\"2 minutes\" \/>\n<script type=\"application\/ld+json\" class=\"yoast-schema-graph\">{\"@context\":\"https:\\\/\\\/schema.org\",\"@graph\":[{\"@type\":\"Article\",\"@id\":\"https:\\\/\\\/golf-anderlecht.com\\\/competition-la-cross-%f0%9f%8f%8c%ef%b8%8f\\\/#article\",\"isPartOf\":{\"@id\":\"https:\\\/\\\/golf-anderlecht.com\\\/competition-la-cross-%f0%9f%8f%8c%ef%b8%8f\\\/\"},\"author\":{\"name\":\"Office Office\",\"@id\":\"https:\\\/\\\/golf-anderlecht.com\\\/fr_fr\\\/#\\\/schema\\\/person\\\/8c53ccb3db43a9140e75d2595bfe9f28\"},\"headline\":\"Comp\u00e9tition La Cross \ud83c\udfcc\ufe0f\",\"datePublished\":\"2026-03-09T10:12:09+00:00\",\"dateModified\":\"2026-03-09T10:12:10+00:00\",\"mainEntityOfPage\":{\"@id\":\"https:\\\/\\\/golf-anderlecht.com\\\/competition-la-cross-%f0%9f%8f%8c%ef%b8%8f\\\/\"},\"wordCount\":225,\"publisher\":{\"@id\":\"https:\\\/\\\/golf-anderlecht.com\\\/fr_fr\\\/#organization\"},\"image\":{\"@id\":\"https:\\\/\\\/golf-anderlecht.com\\\/competition-la-cross-%f0%9f%8f%8c%ef%b8%8f\\\/#primaryimage\"},\"thumbnailUrl\":\"https:\\\/\\\/golf-anderlecht.com\\\/wp-content\\\/uploads\\\/2026\\\/03\\\/649351650_969485265643629_2117863109496934934_n.jpg\",\"articleSection\":[\"G\u00e9n\u00e9ral\"],\"inLanguage\":\"en-GB\"},{\"@type\":\"WebPage\",\"@id\":\"https:\\\/\\\/golf-anderlecht.com\\\/competition-la-cross-%f0%9f%8f%8c%ef%b8%8f\\\/\",\"url\":\"https:\\\/\\\/golf-anderlecht.com\\\/competition-la-cross-%f0%9f%8f%8c%ef%b8%8f\\\/\",\"name\":\"Comp\u00e9tition La Cross \ud83c\udfcc\ufe0f - Royal Amicale Anderlecht Golf Club\",\"isPartOf\":{\"@id\":\"https:\\\/\\\/golf-anderlecht.com\\\/fr_fr\\\/#website\"},\"primaryImageOfPage\":{\"@id\":\"https:\\\/\\\/golf-anderlecht.com\\\/competition-la-cross-%f0%9f%8f%8c%ef%b8%8f\\\/#primaryimage\"},\"image\":{\"@id\":\"https:\\\/\\\/golf-anderlecht.com\\\/competition-la-cross-%f0%9f%8f%8c%ef%b8%8f\\\/#primaryimage\"},\"thumbnailUrl\":\"https:\\\/\\\/golf-anderlecht.com\\\/wp-content\\\/uploads\\\/2026\\\/03\\\/649351650_969485265643629_2117863109496934934_n.jpg\",\"datePublished\":\"2026-03-09T10:12:09+00:00\",\"dateModified\":\"2026-03-09T10:12:10+00:00\",\"breadcrumb\":{\"@id\":\"https:\\\/\\\/golf-anderlecht.com\\\/competition-la-cross-%f0%9f%8f%8c%ef%b8%8f\\\/#breadcrumb\"},\"inLanguage\":\"en-GB\",\"potentialAction\":[{\"@type\":\"ReadAction\",\"target\":[\"https:\\\/\\\/golf-anderlecht.com\\\/competition-la-cross-%f0%9f%8f%8c%ef%b8%8f\\\/\"]}]},{\"@type\":\"ImageObject\",\"inLanguage\":\"en-GB\",\"@id\":\"https:\\\/\\\/golf-anderlecht.com\\\/competition-la-cross-%f0%9f%8f%8c%ef%b8%8f\\\/#primaryimage\",\"url\":\"https:\\\/\\\/golf-anderlecht.com\\\/wp-content\\\/uploads\\\/2026\\\/03\\\/649351650_969485265643629_2117863109496934934_n.jpg\",\"contentUrl\":\"https:\\\/\\\/golf-anderlecht.com\\\/wp-content\\\/uploads\\\/2026\\\/03\\\/649351650_969485265643629_2117863109496934934_n.jpg\",\"width\":900,\"height\":1600},{\"@type\":\"BreadcrumbList\",\"@id\":\"https:\\\/\\\/golf-anderlecht.com\\\/competition-la-cross-%f0%9f%8f%8c%ef%b8%8f\\\/#breadcrumb\",\"itemListElement\":[{\"@type\":\"ListItem\",\"position\":1,\"name\":\"Accueil\",\"item\":\"https:\\\/\\\/golf-anderlecht.com\\\/fr_fr\\\/\"},{\"@type\":\"ListItem\",\"position\":2,\"name\":\"Comp\u00e9tition La Cross \ud83c\udfcc\ufe0f\"}]},{\"@type\":\"WebSite\",\"@id\":\"https:\\\/\\\/golf-anderlecht.com\\\/fr_fr\\\/#website\",\"url\":\"https:\\\/\\\/golf-anderlecht.com\\\/fr_fr\\\/\",\"name\":\"Royal Amicale Anderlecht Golf Club\",\"description\":\"\",\"publisher\":{\"@id\":\"https:\\\/\\\/golf-anderlecht.com\\\/fr_fr\\\/#organization\"},\"potentialAction\":[{\"@type\":\"SearchAction\",\"target\":{\"@type\":\"EntryPoint\",\"urlTemplate\":\"https:\\\/\\\/golf-anderlecht.com\\\/fr_fr\\\/?s={search_term_string}\"},\"query-input\":{\"@type\":\"PropertyValueSpecification\",\"valueRequired\":true,\"valueName\":\"search_term_string\"}}],\"inLanguage\":\"en-GB\"},{\"@type\":\"Organization\",\"@id\":\"https:\\\/\\\/golf-anderlecht.com\\\/fr_fr\\\/#organization\",\"name\":\"Royal Amicale Anderlecht Golf Club\",\"url\":\"https:\\\/\\\/golf-anderlecht.com\\\/fr_fr\\\/\",\"logo\":{\"@type\":\"ImageObject\",\"inLanguage\":\"en-GB\",\"@id\":\"https:\\\/\\\/golf-anderlecht.com\\\/fr_fr\\\/#\\\/schema\\\/logo\\\/image\\\/\",\"url\":\"https:\\\/\\\/golf-anderlecht.com\\\/wp-content\\\/uploads\\\/2026\\\/03\\\/cropped-Logo-blanc-2026.png\",\"contentUrl\":\"https:\\\/\\\/golf-anderlecht.com\\\/wp-content\\\/uploads\\\/2026\\\/03\\\/cropped-Logo-blanc-2026.png\",\"width\":616,\"height\":617,\"caption\":\"Royal Amicale Anderlecht Golf Club\"},\"image\":{\"@id\":\"https:\\\/\\\/golf-anderlecht.com\\\/fr_fr\\\/#\\\/schema\\\/logo\\\/image\\\/\"}},{\"@type\":\"Person\",\"@id\":\"https:\\\/\\\/golf-anderlecht.com\\\/fr_fr\\\/#\\\/schema\\\/person\\\/8c53ccb3db43a9140e75d2595bfe9f28\",\"name\":\"Office Office\",\"image\":{\"@type\":\"ImageObject\",\"inLanguage\":\"en-GB\",\"@id\":\"https:\\\/\\\/secure.gravatar.com\\\/avatar\\\/a4ac4fac4be4764b65fe4ee601711c006c85c2e2a06fc69ad9b38ec084136b09?s=96&d=mm&r=g\",\"url\":\"https:\\\/\\\/secure.gravatar.com\\\/avatar\\\/a4ac4fac4be4764b65fe4ee601711c006c85c2e2a06fc69ad9b38ec084136b09?s=96&d=mm&r=g\",\"contentUrl\":\"https:\\\/\\\/secure.gravatar.com\\\/avatar\\\/a4ac4fac4be4764b65fe4ee601711c006c85c2e2a06fc69ad9b38ec084136b09?s=96&d=mm&r=g\",\"caption\":\"Office Office\"},\"url\":\"https:\\\/\\\/golf-anderlecht.com\\\/en\\\/author\\\/office\\\/\"}]}<\/script>\n<!-- \/ Yoast SEO plugin. -->","yoast_head_json":{"title":"Comp\u00e9tition La Cross \ud83c\udfcc\ufe0f - Royal Amicale Anderlecht Golf Club","robots":{"index":"index","follow":"follow","max-snippet":"max-snippet:-1","max-image-preview":"max-image-preview:large","max-video-preview":"max-video-preview:-1"},"canonical":"https:\/\/golf-anderlecht.com\/en\/competition-la-cross-\ud83c\udfcc\ufe0f\/","og_locale":"en_GB","og_type":"article","og_title":"Comp\u00e9tition La Cross \ud83c\udfcc\ufe0f - Royal Amicale Anderlecht Golf Club","og_description":"Ce dimanche 8 mars s\u2019est d\u00e9roul\u00e9e notre traditionnelle comp\u00e9tition La Cross, un rendez-vous toujours tr\u00e8s attendu par nos membres. Nous tenons \u00e0 remercier chaleureusement l\u2019ensemble des participants pour leur pr\u00e9sence, leur enthousiasme et leur excellente humeur tout au long de la journ\u00e9e. Cette comp\u00e9tition atypique et conviviale a une nouvelle fois offert de beaux moments [&hellip;]","og_url":"https:\/\/golf-anderlecht.com\/en\/competition-la-cross-\ud83c\udfcc\ufe0f\/","og_site_name":"Royal Amicale Anderlecht Golf Club","article_published_time":"2026-03-09T10:12:09+00:00","article_modified_time":"2026-03-09T10:12:10+00:00","og_image":[{"width":900,"height":1600,"url":"https:\/\/golf-anderlecht.com\/wp-content\/uploads\/2026\/03\/649351650_969485265643629_2117863109496934934_n.jpg","type":"image\/jpeg"}],"author":"Office Office","twitter_card":"summary_large_image","twitter_misc":{"Written by":"Office Office","Estimated reading time":"2 minutes"},"schema":{"@context":"https:\/\/schema.org","@graph":[{"@type":"Article","@id":"https:\/\/golf-anderlecht.com\/competition-la-cross-%f0%9f%8f%8c%ef%b8%8f\/#article","isPartOf":{"@id":"https:\/\/golf-anderlecht.com\/competition-la-cross-%f0%9f%8f%8c%ef%b8%8f\/"},"author":{"name":"Office Office","@id":"https:\/\/golf-anderlecht.com\/fr_fr\/#\/schema\/person\/8c53ccb3db43a9140e75d2595bfe9f28"},"headline":"Comp\u00e9tition La Cross \ud83c\udfcc\ufe0f","datePublished":"2026-03-09T10:12:09+00:00","dateModified":"2026-03-09T10:12:10+00:00","mainEntityOfPage":{"@id":"https:\/\/golf-anderlecht.com\/competition-la-cross-%f0%9f%8f%8c%ef%b8%8f\/"},"wordCount":225,"publisher":{"@id":"https:\/\/golf-anderlecht.com\/fr_fr\/#organization"},"image":{"@id":"https:\/\/golf-anderlecht.com\/competition-la-cross-%f0%9f%8f%8c%ef%b8%8f\/#primaryimage"},"thumbnailUrl":"https:\/\/golf-anderlecht.com\/wp-content\/uploads\/2026\/03\/649351650_969485265643629_2117863109496934934_n.jpg","articleSection":["G\u00e9n\u00e9ral"],"inLanguage":"en-GB"},{"@type":"WebPage","@id":"https:\/\/golf-anderlecht.com\/competition-la-cross-%f0%9f%8f%8c%ef%b8%8f\/","url":"https:\/\/golf-anderlecht.com\/competition-la-cross-%f0%9f%8f%8c%ef%b8%8f\/","name":"Comp\u00e9tition La Cross \ud83c\udfcc\ufe0f - Royal Amicale Anderlecht Golf Club","isPartOf":{"@id":"https:\/\/golf-anderlecht.com\/fr_fr\/#website"},"primaryImageOfPage":{"@id":"https:\/\/golf-anderlecht.com\/competition-la-cross-%f0%9f%8f%8c%ef%b8%8f\/#primaryimage"},"image":{"@id":"https:\/\/golf-anderlecht.com\/competition-la-cross-%f0%9f%8f%8c%ef%b8%8f\/#primaryimage"},"thumbnailUrl":"https:\/\/golf-anderlecht.com\/wp-content\/uploads\/2026\/03\/649351650_969485265643629_2117863109496934934_n.jpg","datePublished":"2026-03-09T10:12:09+00:00","dateModified":"2026-03-09T10:12:10+00:00","breadcrumb":{"@id":"https:\/\/golf-anderlecht.com\/competition-la-cross-%f0%9f%8f%8c%ef%b8%8f\/#breadcrumb"},"inLanguage":"en-GB","potentialAction":[{"@type":"ReadAction","target":["https:\/\/golf-anderlecht.com\/competition-la-cross-%f0%9f%8f%8c%ef%b8%8f\/"]}]},{"@type":"ImageObject","inLanguage":"en-GB","@id":"https:\/\/golf-anderlecht.com\/competition-la-cross-%f0%9f%8f%8c%ef%b8%8f\/#primaryimage","url":"https:\/\/golf-anderlecht.com\/wp-content\/uploads\/2026\/03\/649351650_969485265643629_2117863109496934934_n.jpg","contentUrl":"https:\/\/golf-anderlecht.com\/wp-content\/uploads\/2026\/03\/649351650_969485265643629_2117863109496934934_n.jpg","width":900,"height":1600},{"@type":"BreadcrumbList","@id":"https:\/\/golf-anderlecht.com\/competition-la-cross-%f0%9f%8f%8c%ef%b8%8f\/#breadcrumb","itemListElement":[{"@type":"ListItem","position":1,"name":"Accueil","item":"https:\/\/golf-anderlecht.com\/fr_fr\/"},{"@type":"ListItem","position":2,"name":"Comp\u00e9tition La Cross \ud83c\udfcc\ufe0f"}]},{"@type":"WebSite","@id":"https:\/\/golf-anderlecht.com\/fr_fr\/#website","url":"https:\/\/golf-anderlecht.com\/fr_fr\/","name":"Royal Amicale Anderlecht Golf Club","description":"","publisher":{"@id":"https:\/\/golf-anderlecht.com\/fr_fr\/#organization"},"potentialAction":[{"@type":"SearchAction","target":{"@type":"EntryPoint","urlTemplate":"https:\/\/golf-anderlecht.com\/fr_fr\/?s={search_term_string}"},"query-input":{"@type":"PropertyValueSpecification","valueRequired":true,"valueName":"search_term_string"}}],"inLanguage":"en-GB"},{"@type":"Organization","@id":"https:\/\/golf-anderlecht.com\/fr_fr\/#organization","name":"Royal Amicale Anderlecht Golf Club","url":"https:\/\/golf-anderlecht.com\/fr_fr\/","logo":{"@type":"ImageObject","inLanguage":"en-GB","@id":"https:\/\/golf-anderlecht.com\/fr_fr\/#\/schema\/logo\/image\/","url":"https:\/\/golf-anderlecht.com\/wp-content\/uploads\/2026\/03\/cropped-Logo-blanc-2026.png","contentUrl":"https:\/\/golf-anderlecht.com\/wp-content\/uploads\/2026\/03\/cropped-Logo-blanc-2026.png","width":616,"height":617,"caption":"Royal Amicale Anderlecht Golf Club"},"image":{"@id":"https:\/\/golf-anderlecht.com\/fr_fr\/#\/schema\/logo\/image\/"}},{"@type":"Person","@id":"https:\/\/golf-anderlecht.com\/fr_fr\/#\/schema\/person\/8c53ccb3db43a9140e75d2595bfe9f28","name":"Office Office","image":{"@type":"ImageObject","inLanguage":"en-GB","@id":"https:\/\/secure.gravatar.com\/avatar\/a4ac4fac4be4764b65fe4ee601711c006c85c2e2a06fc69ad9b38ec084136b09?s=96&d=mm&r=g","url":"https:\/\/secure.gravatar.com\/avatar\/a4ac4fac4be4764b65fe4ee601711c006c85c2e2a06fc69ad9b38ec084136b09?s=96&d=mm&r=g","contentUrl":"https:\/\/secure.gravatar.com\/avatar\/a4ac4fac4be4764b65fe4ee601711c006c85c2e2a06fc69ad9b38ec084136b09?s=96&d=mm&r=g","caption":"Office Office"},"url":"https:\/\/golf-anderlecht.com\/en\/author\/office\/"}]}},"_links":{"self":[{"href":"https:\/\/golf-anderlecht.com\/en\/wp-json\/wp\/v2\/posts\/44055","targetHints":{"allow":["GET"]}}],"collection":[{"href":"https:\/\/golf-anderlecht.com\/en\/wp-json\/wp\/v2\/posts"}],"about":[{"href":"https:\/\/golf-anderlecht.com\/en\/wp-json\/wp\/v2\/types\/post"}],"author":[{"embeddable":true,"href":"https:\/\/golf-anderlecht.com\/en\/wp-json\/wp\/v2\/users\/4"}],"replies":[{"embeddable":true,"href":"https:\/\/golf-anderlecht.com\/en\/wp-json\/wp\/v2\/comments?post=44055"}],"version-history":[{"count":1,"href":"https:\/\/golf-anderlecht.com\/en\/wp-json\/wp\/v2\/posts\/44055\/revisions"}],"predecessor-version":[{"id":44057,"href":"https:\/\/golf-anderlecht.com\/en\/wp-json\/wp\/v2\/posts\/44055\/revisions\/44057"}],"wp:featuredmedia":[{"embeddable":true,"href":"https:\/\/golf-anderlecht.com\/en\/wp-json\/wp\/v2\/media\/44056"}],"wp:attachment":[{"href":"https:\/\/golf-anderlecht.com\/en\/wp-json\/wp\/v2\/media?parent=44055"}],"wp:term":[{"taxonomy":"category","embeddable":true,"href":"https:\/\/golf-anderlecht.com\/en\/wp-json\/wp\/v2\/categories?post=44055"},{"taxonomy":"post_tag","embeddable":true,"href":"https:\/\/golf-anderlecht.com\/en\/wp-json\/wp\/v2\/tags?post=44055"}],"curies":[{"name":"wp","href":"https:\/\/api.w.org\/{rel}","templated":true}]}}